[{"@context":"https:\/\/schema.org\/","@type":"Article","@id":"https:\/\/www.spaarch.cz\/proc-nam-vyhovuje-plnospektralni-svetlo\/#Article","mainEntityOfPage":"https:\/\/www.spaarch.cz\/proc-nam-vyhovuje-plnospektralni-svetlo\/","headline":"Pro\u010d n\u00e1m vyhovuje plnospektr\u00e1ln\u00ed sv\u011btlo","name":"Pro\u010d n\u00e1m vyhovuje plnospektr\u00e1ln\u00ed sv\u011btlo","description":"Jak lidsk\u00fd organismus reaguje na r\u016fzn\u00e9 vlnov\u00e9 d\u00e9lky sv\u011btla \u2013 sv\u011btlo je jen \u010d\u00e1st spojit\u00e9ho z\u00e1\u0159en\u00ed, kter\u00e9 vyza\u0159uje na\u0161e slunce, bez n\u011bho by nemohl existovat \u017eivot v t\u00e9 podob\u011b, jak\u00e1 je n\u00e1m zn\u00e1ma. Nemohli bychom zkr\u00e1tka dlouho \u017e\u00edt v podzem\u00ed \u010di v jeskyni, a\u0165 u\u017e v pomysln\u00e9 \u010di skute\u010dn\u00e9, nefungovala by fotosynt\u00e9za rostlin, rostliny nemohly [&hellip;]","datePublished":"2020-11-17","dateModified":"2023-09-13","author":{"@type":"Person","@id":"https:\/\/www.spaarch.cz\/author\/#Person","name":"","url":"https:\/\/www.spaarch.cz\/author\/","identifier":1,"image":{"@type":"ImageObject","@id":"https:\/\/secure.gravatar.com\/avatar\/f7320ca526354d2794ceb75173050bfa147af8617816df401a16569341b5fbaf?s=96&d=mm&r=g","url":"https:\/\/secure.gravatar.com\/avatar\/f7320ca526354d2794ceb75173050bfa147af8617816df401a16569341b5fbaf?s=96&d=mm&r=g","height":96,"width":96}},"publisher":{"@type":"Organization","name":"spaarch.cz","logo":{"@type":"ImageObject","@id":"\/logo.png","url":"\/logo.png","width":600,"height":60}},"image":{"@type":"ImageObject","@id":"https:\/\/www.spaarch.cz\/wp-content\/uploads\/%C4%8Derven%C3%A1%20a%20b%C3%ADl%C3%A1%20%C5%BE%C3%A1rovka.jpg","url":"https:\/\/www.spaarch.cz\/wp-content\/uploads\/%C4%8Derven%C3%A1%20a%20b%C3%ADl%C3%A1%20%C5%BE%C3%A1rovka.jpg","height":0,"width":0},"url":"https:\/\/www.spaarch.cz\/proc-nam-vyhovuje-plnospektralni-svetlo\/","about":["V\u00fdrobky"],"wordCount":398,"articleBody":"        Jak lidsk\u00fd organismus reaguje na r\u016fzn\u00e9 vlnov\u00e9 d\u00e9lky sv\u011btla \u2013 sv\u011btlo je jen \u010d\u00e1st spojit\u00e9ho z\u00e1\u0159en\u00ed, kter\u00e9 vyza\u0159uje na\u0161e slunce, bez n\u011bho by nemohl existovat \u017eivot v t\u00e9 podob\u011b, jak\u00e1 je n\u00e1m zn\u00e1ma. Nemohli bychom zkr\u00e1tka dlouho \u017e\u00edt v podzem\u00ed \u010di v jeskyni, a\u0165 u\u017e v pomysln\u00e9 \u010di skute\u010dn\u00e9, nefungovala by fotosynt\u00e9za rostlin, rostliny nemohly by vyr\u00e1b\u011bt kysl\u00edk a naopak by jej ve tm\u011b spot\u0159ebovaly, co\u017e by vedlo ke glob\u00e1ln\u00ed katastrof\u011b.I ve dnech, kdy je zata\u017eeno, de\u0161tivo a nevl\u00eddno, slunce vyza\u0159uje \u017eivotod\u00e1rnou energii, produkuje ji 24 hodin denn\u011b bez ohledu na to, zda je nad n\u00e1mi obloha modr\u00e1, \u010di \u0161ed\u00e1. Poka\u017ed\u00e9 na n\u00e1s p\u016fsob\u00ed (mimo jin\u00e9 vlnov\u00e9 d\u00e9lky) pln\u00e9 sv\u011bteln\u00e9 spektrum a a\u0165 u\u017e si to uv\u011bdomujeme, nebo ne, jsme na tomto z\u00e1\u0159en\u00ed pln\u011b z\u00e1visl\u00ed. Pln\u00e9 sv\u011bteln\u00e9 spektrum m\u00e1 p\u0159\u00edm\u00fd vliv na hormon\u00e1ln\u00ed syst\u00e9m, na proud\u011bn\u00ed lymfy, na imunitn\u00ed syst\u00e9m, na tr\u00e1ven\u00ed, nervovou soustavu a \u010dinnost mozku \u2013 v\u0161e je natolik propojeno a prov\u00e1z\u00e1no, \u017ee jde o velmi slo\u017eit\u00fd komplex d\u011bj\u016f, kter\u00fd je\u0161t\u011b nen\u00ed pln\u011b v\u011bdecky prozkoum\u00e1n a pops\u00e1n.Je ov\u0161em dob\u0159e zn\u00e1mo, \u017ee ve dnech s minimem slune\u010dn\u00edho svitu (hlavn\u011b na podzim a v zim\u011b), p\u0159ib\u00fdv\u00e1 depres\u00ed, sebevra\u017ed i v\u00e1\u017en\u00fdch chorob, nap\u0159. rakoviny. Souvis\u00ed to se synt\u00e9zou vitam\u00ednu D, ale i s p\u0159\u00edjmem denn\u00edho sv\u011btla. Ur\u010ditou mo\u017enost\u00ed, jak to vylep\u0161it, je prodlou\u017eit si den um\u011ble vhodn\u00fdm osv\u011btlen\u00edm. To m\u016f\u017eeme bu\u010f prov\u00e9st klasickou vl\u00e1knovou \u017e\u00e1rovkou, jej\u00ed\u017e provoz je v\u0161ak velmi neekonomick\u00fd, anebo plnospektr\u00e1ln\u00edm sv\u011btlem. Toto \u0159e\u0161en\u00ed je mnohem vhodn\u011bj\u0161\u00ed, ne\u017e v\u011bt\u0161ina b\u011b\u017en\u00fdch sv\u011bteln\u00fdch zdroj\u016f s omezen\u00fdm odst\u00ednem bu\u010f ve studen\u00e9, nebo v tepl\u00e9 b\u00edl\u00e9.Elektrosmog \u2013 budete-li zva\u017eovat volbu vhodn\u00e9ho plnospektr\u00e1ln\u00edho osv\u011btlen\u00ed, vsa\u010fte na technologii LED. Vyhn\u011bte se kompaktn\u00edm \u017e\u00e1rovk\u00e1m  https:\/\/www.tsbohemia.cz\/dum-hobby-a-zahrada-domacnost-zarovky-led-osvetleni_c10879.html a z\u00e1\u0159ivk\u00e1m, p\u0159\u00edpadn\u011b v\u00fdbojk\u00e1m, kter\u00e9 vyd\u00e1vaj\u00ed mnoho n\u00edzkofrekven\u010dn\u00edho elektromagnetick\u00e9ho z\u00e1\u0159en\u00ed tzv. elektrosmogu.                                                                                                                                                                                                                                                                                                                                                                                          3.9\/5 - (11 votes)        "},{"@context":"https:\/\/schema.org\/","@type":"BreadcrumbList","itemListElement":[{"@type":"ListItem","position":1,"name":"Pro\u010d n\u00e1m vyhovuje plnospektr\u00e1ln\u00ed sv\u011btlo","item":"https:\/\/www.spaarch.cz\/proc-nam-vyhovuje-plnospektralni-svetlo\/#breadcrumbitem"}]}]